{"id":1361,"date":"2022-03-14T13:30:27","date_gmt":"2022-03-14T12:30:27","guid":{"rendered":"https:\/\/filharmonia.rzeszow.pl\/?p=1818"},"modified":"2022-06-20T10:24:02","modified_gmt":"2022-06-20T08:24:02","slug":"koncert-w-musikverein","status":"publish","type":"post","link":"https:\/\/filharmonia.rzeszow.pl\/en\/2022\/03\/14\/koncert-w-musikverein\/","title":{"rendered":"Concert in Musikverein"},"content":{"rendered":"<p>Orkiestra Symfoniczna Filharmonii Podkarpackiej 11 marca 2022r. wyst\u0105pi\u0142a z koncertem w Grosser Musikvereinssaal w Wiedniu. Solist\u0105 koncertu by\u0142 znakomity gitarzysta <a class=\"oajrlxb2 g5ia77u1 qu0x051f esr5mh6w e9989ue4 r7d6kgcz rq0escxv nhd2j8a9 nc684nl6 p7hjln8o kvgmc6g5 cxmmr5t8 oygrvhab hcukyx3x jb3vyjys rz4wbd8a qt6c0cv9 a8nywdso i1ao9s8h esuyzwwr f1sip0of lzcic4wl gpro0wi8 q66pz984 b1v8xokw\" role=\"link\" href=\"https:\/\/www.facebook.com\/krzysztof.meisinger?__cft__[0]=AZWO6jQeI2CVzgERiTb6oCPOVSIx7SBgqZr6RzbCDWiqgOTJqsVuhitGEze9499t0hy_FfH-FukX8hbT4ftexsa8UDpPxrGamRayMfjleFlRRNUuH3f9iq6aOOHPyZ2fr8HeRbTixcjH-gPLTuQydoFtJFN2109k7iOJBHQ-EEw-_oJUCkLXjKkcUBlXMYa5_S4&amp;__tn__=-]K-R\"><span class=\"nc684nl6\">Krzysztof Meisinger<\/span><\/a>, kt\u00f3ry wykonaniem Concierto de Aranjeuz (J. Rodrigo) zachwyci\u0142 wiede\u0144sk\u0105 publiczno\u015b\u0107. W programie koncertu znalaz\u0142a si\u0119 r\u00f3wnie\u017c Uwertura koncertowa &#8220;Bajka&#8221; Stanis\u0142awa Moniuszki oraz II Symfonia C &#8211; dur op. 61 Roberta Schumanna. Za pulpitem dyrygenckim stan\u0105\u0142 Maestro Jiri Petrdlik.<\/p>\n<p>https:\/\/www.musikverein.at\/konzert\/eventid\/48387<\/p>\n<p><img fetchpriority=\"high\" decoding=\"async\" class=\"wp-image-1820 size-medium aligncenter\" src=\"https:\/\/filharmonia.rzeszow.pl\/wp-content\/uploads\/2022\/03\/IMG_20220311_184617-003-169x300.jpg\" alt=\"\" width=\"169\" height=\"300\" \/><\/p>\n","protected":false},"excerpt":{"rendered":"<p>Orkiestra Symfoniczna Filharmonii Podkarpackiej 11 marca 2022r. wyst\u0105pi\u0142a z koncertem w Grosser Musikvereinssaal w Wiedniu. Solist\u0105 koncertu by\u0142 znakomity gitarzysta Krzysztof Meisinger, kt\u00f3ry wykonaniem Concierto de Aranjeuz (J. Rodrigo) zachwyci\u0142 wiede\u0144sk\u0105 publiczno\u015b\u0107. W programie koncertu znalaz\u0142a si\u0119 r\u00f3wnie\u017c Uwertura koncertowa &#8220;Bajka&#8221; Stanis\u0142awa Moniuszki oraz II Symfonia C &#8211; dur op. 61 Roberta Schumanna. Za pulpitem [&hellip;]<\/p>\n","protected":false},"author":2,"featured_media":1362,"comment_status":"closed","ping_status":"closed","sticky":false,"template":"","format":"standard","meta":{"footnotes":""},"categories":[798],"tags":[],"class_list":["post-1361","post","type-post","status-publish","format-standard","has-post-thumbnail","hentry","category-news","entry","has-media","owp-thumbs-layout-horizontal","owp-btn-normal","owp-tabs-layout-horizontal","has-no-thumbnails","has-product-nav"],"yoast_head":"<!-- This site is optimized with the Yoast SEO plugin v27.1.1 - https:\/\/yoast.com\/product\/yoast-seo-wordpress\/ -->\n<title>Concert in Musikverein - Filharmonia Podkarpacka - English<\/title>\n<meta name=\"robots\" content=\"index, follow, max-snippet:-1, max-image-preview:large, max-video-preview:-1\" \/>\n<link rel=\"canonical\" href=\"https:\/\/filharmonia.rzeszow.pl\/en\/2022\/03\/14\/koncert-w-musikverein\/\" \/>\n<meta property=\"og:locale\" content=\"en_US\" \/>\n<meta property=\"og:type\" content=\"article\" \/>\n<meta property=\"og:title\" content=\"Concert in Musikverein - Filharmonia Podkarpacka - English\" \/>\n<meta property=\"og:description\" content=\"Orkiestra Symfoniczna Filharmonii Podkarpackiej 11 marca 2022r. wyst\u0105pi\u0142a z koncertem w Grosser Musikvereinssaal w Wiedniu. Solist\u0105 koncertu by\u0142 znakomity gitarzysta Krzysztof Meisinger, kt\u00f3ry wykonaniem Concierto de Aranjeuz (J. Rodrigo) zachwyci\u0142 wiede\u0144sk\u0105 publiczno\u015b\u0107. W programie koncertu znalaz\u0142a si\u0119 r\u00f3wnie\u017c Uwertura koncertowa &#8220;Bajka&#8221; Stanis\u0142awa Moniuszki oraz II Symfonia C &#8211; dur op. 61 Roberta Schumanna. Za pulpitem [&hellip;]\" \/>\n<meta property=\"og:url\" content=\"https:\/\/filharmonia.rzeszow.pl\/en\/2022\/03\/14\/koncert-w-musikverein\/\" \/>\n<meta property=\"og:site_name\" content=\"Filharmonia Podkarpacka - English\" \/>\n<meta property=\"article:published_time\" content=\"2022-03-14T12:30:27+00:00\" \/>\n<meta property=\"article:modified_time\" content=\"2022-06-20T08:24:02+00:00\" \/>\n<meta property=\"og:image\" content=\"https:\/\/filharmonia.rzeszow.pl\/en\/wp-content\/uploads\/sites\/2\/2022\/03\/IMG_20220311_184708-003-scaled.jpg\" \/>\n\t<meta property=\"og:image:width\" content=\"1440\" \/>\n\t<meta property=\"og:image:height\" content=\"2560\" \/>\n\t<meta property=\"og:image:type\" content=\"image\/jpeg\" \/>\n<meta name=\"author\" content=\"katarzyna\" \/>\n<meta name=\"twitter:card\" content=\"summary_large_image\" \/>\n<meta name=\"twitter:label1\" content=\"Written by\" \/>\n\t<meta name=\"twitter:data1\" content=\"katarzyna\" \/>\n<script type=\"application\/ld+json\" class=\"yoast-schema-graph\">{\"@context\":\"https:\/\/schema.org\",\"@graph\":[{\"@type\":\"Article\",\"@id\":\"https:\/\/filharmonia.rzeszow.pl\/en\/2022\/03\/14\/koncert-w-musikverein\/#article\",\"isPartOf\":{\"@id\":\"https:\/\/filharmonia.rzeszow.pl\/en\/2022\/03\/14\/koncert-w-musikverein\/\"},\"author\":{\"name\":\"katarzyna\",\"@id\":\"https:\/\/filharmonia.rzeszow.pl\/en\/#\/schema\/person\/0446fa6c1b32245b91895ccdb7b0c1b0\"},\"headline\":\"Concert in Musikverein\",\"datePublished\":\"2022-03-14T12:30:27+00:00\",\"dateModified\":\"2022-06-20T08:24:02+00:00\",\"mainEntityOfPage\":{\"@id\":\"https:\/\/filharmonia.rzeszow.pl\/en\/2022\/03\/14\/koncert-w-musikverein\/\"},\"wordCount\":74,\"publisher\":{\"@id\":\"https:\/\/filharmonia.rzeszow.pl\/en\/#organization\"},\"image\":{\"@id\":\"https:\/\/filharmonia.rzeszow.pl\/en\/2022\/03\/14\/koncert-w-musikverein\/#primaryimage\"},\"thumbnailUrl\":\"https:\/\/filharmonia.rzeszow.pl\/en\/wp-content\/uploads\/sites\/2\/2022\/03\/IMG_20220311_184708-003-scaled.jpg\",\"articleSection\":[\"News\"],\"inLanguage\":\"en-US\"},{\"@type\":\"WebPage\",\"@id\":\"https:\/\/filharmonia.rzeszow.pl\/en\/2022\/03\/14\/koncert-w-musikverein\/\",\"url\":\"https:\/\/filharmonia.rzeszow.pl\/en\/2022\/03\/14\/koncert-w-musikverein\/\",\"name\":\"Concert in Musikverein - Filharmonia Podkarpacka - English\",\"isPartOf\":{\"@id\":\"https:\/\/filharmonia.rzeszow.pl\/en\/#website\"},\"primaryImageOfPage\":{\"@id\":\"https:\/\/filharmonia.rzeszow.pl\/en\/2022\/03\/14\/koncert-w-musikverein\/#primaryimage\"},\"image\":{\"@id\":\"https:\/\/filharmonia.rzeszow.pl\/en\/2022\/03\/14\/koncert-w-musikverein\/#primaryimage\"},\"thumbnailUrl\":\"https:\/\/filharmonia.rzeszow.pl\/en\/wp-content\/uploads\/sites\/2\/2022\/03\/IMG_20220311_184708-003-scaled.jpg\",\"datePublished\":\"2022-03-14T12:30:27+00:00\",\"dateModified\":\"2022-06-20T08:24:02+00:00\",\"breadcrumb\":{\"@id\":\"https:\/\/filharmonia.rzeszow.pl\/en\/2022\/03\/14\/koncert-w-musikverein\/#breadcrumb\"},\"inLanguage\":\"en-US\",\"potentialAction\":[{\"@type\":\"ReadAction\",\"target\":[\"https:\/\/filharmonia.rzeszow.pl\/en\/2022\/03\/14\/koncert-w-musikverein\/\"]}]},{\"@type\":\"ImageObject\",\"inLanguage\":\"en-US\",\"@id\":\"https:\/\/filharmonia.rzeszow.pl\/en\/2022\/03\/14\/koncert-w-musikverein\/#primaryimage\",\"url\":\"https:\/\/filharmonia.rzeszow.pl\/en\/wp-content\/uploads\/sites\/2\/2022\/03\/IMG_20220311_184708-003-scaled.jpg\",\"contentUrl\":\"https:\/\/filharmonia.rzeszow.pl\/en\/wp-content\/uploads\/sites\/2\/2022\/03\/IMG_20220311_184708-003-scaled.jpg\",\"width\":1440,\"height\":2560},{\"@type\":\"BreadcrumbList\",\"@id\":\"https:\/\/filharmonia.rzeszow.pl\/en\/2022\/03\/14\/koncert-w-musikverein\/#breadcrumb\",\"itemListElement\":[{\"@type\":\"ListItem\",\"position\":1,\"name\":\"Strona g\u0142\u00f3wna\",\"item\":\"https:\/\/filharmonia.rzeszow.pl\/en\/\"},{\"@type\":\"ListItem\",\"position\":2,\"name\":\"Concert in Musikverein\"}]},{\"@type\":\"WebSite\",\"@id\":\"https:\/\/filharmonia.rzeszow.pl\/en\/#website\",\"url\":\"https:\/\/filharmonia.rzeszow.pl\/en\/\",\"name\":\"Filharmonia Podkarpacka - English\",\"description\":\"Kolejna witryna sieci &#8222;Filharmonia Podkarpacka &#8221;\",\"publisher\":{\"@id\":\"https:\/\/filharmonia.rzeszow.pl\/en\/#organization\"},\"potentialAction\":[{\"@type\":\"SearchAction\",\"target\":{\"@type\":\"EntryPoint\",\"urlTemplate\":\"https:\/\/filharmonia.rzeszow.pl\/en\/?s={search_term_string}\"},\"query-input\":{\"@type\":\"PropertyValueSpecification\",\"valueRequired\":true,\"valueName\":\"search_term_string\"}}],\"inLanguage\":\"en-US\"},{\"@type\":\"Organization\",\"@id\":\"https:\/\/filharmonia.rzeszow.pl\/en\/#organization\",\"name\":\"Filharmonia Podkarpacka - English\",\"url\":\"https:\/\/filharmonia.rzeszow.pl\/en\/\",\"logo\":{\"@type\":\"ImageObject\",\"inLanguage\":\"en-US\",\"@id\":\"https:\/\/filharmonia.rzeszow.pl\/en\/#\/schema\/logo\/image\/\",\"url\":\"https:\/\/filharmonia.rzeszow.pl\/en\/wp-content\/uploads\/sites\/2\/2022\/02\/Obszar-roboczy-2@3x.png\",\"contentUrl\":\"https:\/\/filharmonia.rzeszow.pl\/en\/wp-content\/uploads\/sites\/2\/2022\/02\/Obszar-roboczy-2@3x.png\",\"width\":2721,\"height\":1527,\"caption\":\"Filharmonia Podkarpacka - English\"},\"image\":{\"@id\":\"https:\/\/filharmonia.rzeszow.pl\/en\/#\/schema\/logo\/image\/\"}},{\"@type\":\"Person\",\"@id\":\"https:\/\/filharmonia.rzeszow.pl\/en\/#\/schema\/person\/0446fa6c1b32245b91895ccdb7b0c1b0\",\"name\":\"katarzyna\",\"image\":{\"@type\":\"ImageObject\",\"inLanguage\":\"en-US\",\"@id\":\"https:\/\/filharmonia.rzeszow.pl\/en\/#\/schema\/person\/image\/\",\"url\":\"https:\/\/secure.gravatar.com\/avatar\/9162c91e88dd8c1fcd7c49f2ae6b1e6641df78d2c6e427e2bd708fe96e90b61a?s=96&d=mm&r=g\",\"contentUrl\":\"https:\/\/secure.gravatar.com\/avatar\/9162c91e88dd8c1fcd7c49f2ae6b1e6641df78d2c6e427e2bd708fe96e90b61a?s=96&d=mm&r=g\",\"caption\":\"katarzyna\"},\"url\":\"https:\/\/filharmonia.rzeszow.pl\/en\/author\/katarzyna\/\"}]}<\/script>\n<!-- \/ Yoast SEO plugin. -->","yoast_head_json":{"title":"Concert in Musikverein - Filharmonia Podkarpacka - English","robots":{"index":"index","follow":"follow","max-snippet":"max-snippet:-1","max-image-preview":"max-image-preview:large","max-video-preview":"max-video-preview:-1"},"canonical":"https:\/\/filharmonia.rzeszow.pl\/en\/2022\/03\/14\/koncert-w-musikverein\/","og_locale":"en_US","og_type":"article","og_title":"Concert in Musikverein - Filharmonia Podkarpacka - English","og_description":"Orkiestra Symfoniczna Filharmonii Podkarpackiej 11 marca 2022r. wyst\u0105pi\u0142a z koncertem w Grosser Musikvereinssaal w Wiedniu. Solist\u0105 koncertu by\u0142 znakomity gitarzysta Krzysztof Meisinger, kt\u00f3ry wykonaniem Concierto de Aranjeuz (J. Rodrigo) zachwyci\u0142 wiede\u0144sk\u0105 publiczno\u015b\u0107. W programie koncertu znalaz\u0142a si\u0119 r\u00f3wnie\u017c Uwertura koncertowa &#8220;Bajka&#8221; Stanis\u0142awa Moniuszki oraz II Symfonia C &#8211; dur op. 61 Roberta Schumanna. Za pulpitem [&hellip;]","og_url":"https:\/\/filharmonia.rzeszow.pl\/en\/2022\/03\/14\/koncert-w-musikverein\/","og_site_name":"Filharmonia Podkarpacka - English","article_published_time":"2022-03-14T12:30:27+00:00","article_modified_time":"2022-06-20T08:24:02+00:00","og_image":[{"width":1440,"height":2560,"url":"https:\/\/filharmonia.rzeszow.pl\/en\/wp-content\/uploads\/sites\/2\/2022\/03\/IMG_20220311_184708-003-scaled.jpg","type":"image\/jpeg"}],"author":"katarzyna","twitter_card":"summary_large_image","twitter_misc":{"Written by":"katarzyna"},"schema":{"@context":"https:\/\/schema.org","@graph":[{"@type":"Article","@id":"https:\/\/filharmonia.rzeszow.pl\/en\/2022\/03\/14\/koncert-w-musikverein\/#article","isPartOf":{"@id":"https:\/\/filharmonia.rzeszow.pl\/en\/2022\/03\/14\/koncert-w-musikverein\/"},"author":{"name":"katarzyna","@id":"https:\/\/filharmonia.rzeszow.pl\/en\/#\/schema\/person\/0446fa6c1b32245b91895ccdb7b0c1b0"},"headline":"Concert in Musikverein","datePublished":"2022-03-14T12:30:27+00:00","dateModified":"2022-06-20T08:24:02+00:00","mainEntityOfPage":{"@id":"https:\/\/filharmonia.rzeszow.pl\/en\/2022\/03\/14\/koncert-w-musikverein\/"},"wordCount":74,"publisher":{"@id":"https:\/\/filharmonia.rzeszow.pl\/en\/#organization"},"image":{"@id":"https:\/\/filharmonia.rzeszow.pl\/en\/2022\/03\/14\/koncert-w-musikverein\/#primaryimage"},"thumbnailUrl":"https:\/\/filharmonia.rzeszow.pl\/en\/wp-content\/uploads\/sites\/2\/2022\/03\/IMG_20220311_184708-003-scaled.jpg","articleSection":["News"],"inLanguage":"en-US"},{"@type":"WebPage","@id":"https:\/\/filharmonia.rzeszow.pl\/en\/2022\/03\/14\/koncert-w-musikverein\/","url":"https:\/\/filharmonia.rzeszow.pl\/en\/2022\/03\/14\/koncert-w-musikverein\/","name":"Concert in Musikverein - Filharmonia Podkarpacka - English","isPartOf":{"@id":"https:\/\/filharmonia.rzeszow.pl\/en\/#website"},"primaryImageOfPage":{"@id":"https:\/\/filharmonia.rzeszow.pl\/en\/2022\/03\/14\/koncert-w-musikverein\/#primaryimage"},"image":{"@id":"https:\/\/filharmonia.rzeszow.pl\/en\/2022\/03\/14\/koncert-w-musikverein\/#primaryimage"},"thumbnailUrl":"https:\/\/filharmonia.rzeszow.pl\/en\/wp-content\/uploads\/sites\/2\/2022\/03\/IMG_20220311_184708-003-scaled.jpg","datePublished":"2022-03-14T12:30:27+00:00","dateModified":"2022-06-20T08:24:02+00:00","breadcrumb":{"@id":"https:\/\/filharmonia.rzeszow.pl\/en\/2022\/03\/14\/koncert-w-musikverein\/#breadcrumb"},"inLanguage":"en-US","potentialAction":[{"@type":"ReadAction","target":["https:\/\/filharmonia.rzeszow.pl\/en\/2022\/03\/14\/koncert-w-musikverein\/"]}]},{"@type":"ImageObject","inLanguage":"en-US","@id":"https:\/\/filharmonia.rzeszow.pl\/en\/2022\/03\/14\/koncert-w-musikverein\/#primaryimage","url":"https:\/\/filharmonia.rzeszow.pl\/en\/wp-content\/uploads\/sites\/2\/2022\/03\/IMG_20220311_184708-003-scaled.jpg","contentUrl":"https:\/\/filharmonia.rzeszow.pl\/en\/wp-content\/uploads\/sites\/2\/2022\/03\/IMG_20220311_184708-003-scaled.jpg","width":1440,"height":2560},{"@type":"BreadcrumbList","@id":"https:\/\/filharmonia.rzeszow.pl\/en\/2022\/03\/14\/koncert-w-musikverein\/#breadcrumb","itemListElement":[{"@type":"ListItem","position":1,"name":"Strona g\u0142\u00f3wna","item":"https:\/\/filharmonia.rzeszow.pl\/en\/"},{"@type":"ListItem","position":2,"name":"Concert in Musikverein"}]},{"@type":"WebSite","@id":"https:\/\/filharmonia.rzeszow.pl\/en\/#website","url":"https:\/\/filharmonia.rzeszow.pl\/en\/","name":"Filharmonia Podkarpacka - English","description":"Kolejna witryna sieci &#8222;Filharmonia Podkarpacka &#8221;","publisher":{"@id":"https:\/\/filharmonia.rzeszow.pl\/en\/#organization"},"potentialAction":[{"@type":"SearchAction","target":{"@type":"EntryPoint","urlTemplate":"https:\/\/filharmonia.rzeszow.pl\/en\/?s={search_term_string}"},"query-input":{"@type":"PropertyValueSpecification","valueRequired":true,"valueName":"search_term_string"}}],"inLanguage":"en-US"},{"@type":"Organization","@id":"https:\/\/filharmonia.rzeszow.pl\/en\/#organization","name":"Filharmonia Podkarpacka - English","url":"https:\/\/filharmonia.rzeszow.pl\/en\/","logo":{"@type":"ImageObject","inLanguage":"en-US","@id":"https:\/\/filharmonia.rzeszow.pl\/en\/#\/schema\/logo\/image\/","url":"https:\/\/filharmonia.rzeszow.pl\/en\/wp-content\/uploads\/sites\/2\/2022\/02\/Obszar-roboczy-2@3x.png","contentUrl":"https:\/\/filharmonia.rzeszow.pl\/en\/wp-content\/uploads\/sites\/2\/2022\/02\/Obszar-roboczy-2@3x.png","width":2721,"height":1527,"caption":"Filharmonia Podkarpacka - English"},"image":{"@id":"https:\/\/filharmonia.rzeszow.pl\/en\/#\/schema\/logo\/image\/"}},{"@type":"Person","@id":"https:\/\/filharmonia.rzeszow.pl\/en\/#\/schema\/person\/0446fa6c1b32245b91895ccdb7b0c1b0","name":"katarzyna","image":{"@type":"ImageObject","inLanguage":"en-US","@id":"https:\/\/filharmonia.rzeszow.pl\/en\/#\/schema\/person\/image\/","url":"https:\/\/secure.gravatar.com\/avatar\/9162c91e88dd8c1fcd7c49f2ae6b1e6641df78d2c6e427e2bd708fe96e90b61a?s=96&d=mm&r=g","contentUrl":"https:\/\/secure.gravatar.com\/avatar\/9162c91e88dd8c1fcd7c49f2ae6b1e6641df78d2c6e427e2bd708fe96e90b61a?s=96&d=mm&r=g","caption":"katarzyna"},"url":"https:\/\/filharmonia.rzeszow.pl\/en\/author\/katarzyna\/"}]}},"publishpress_future_action":{"enabled":false,"date":"2026-05-08 14:54:57","action":"change-status","newStatus":"draft","terms":[],"taxonomy":"category","extraData":[]},"publishpress_future_workflow_manual_trigger":{"enabledWorkflows":[]},"_links":{"self":[{"href":"https:\/\/filharmonia.rzeszow.pl\/en\/wp-json\/wp\/v2\/posts\/1361","targetHints":{"allow":["GET"]}}],"collection":[{"href":"https:\/\/filharmonia.rzeszow.pl\/en\/wp-json\/wp\/v2\/posts"}],"about":[{"href":"https:\/\/filharmonia.rzeszow.pl\/en\/wp-json\/wp\/v2\/types\/post"}],"author":[{"embeddable":true,"href":"https:\/\/filharmonia.rzeszow.pl\/en\/wp-json\/wp\/v2\/users\/2"}],"replies":[{"embeddable":true,"href":"https:\/\/filharmonia.rzeszow.pl\/en\/wp-json\/wp\/v2\/comments?post=1361"}],"version-history":[{"count":2,"href":"https:\/\/filharmonia.rzeszow.pl\/en\/wp-json\/wp\/v2\/posts\/1361\/revisions"}],"predecessor-version":[{"id":1425,"href":"https:\/\/filharmonia.rzeszow.pl\/en\/wp-json\/wp\/v2\/posts\/1361\/revisions\/1425"}],"wp:featuredmedia":[{"embeddable":true,"href":"https:\/\/filharmonia.rzeszow.pl\/en\/wp-json\/wp\/v2\/media\/1362"}],"wp:attachment":[{"href":"https:\/\/filharmonia.rzeszow.pl\/en\/wp-json\/wp\/v2\/media?parent=1361"}],"wp:term":[{"taxonomy":"category","embeddable":true,"href":"https:\/\/filharmonia.rzeszow.pl\/en\/wp-json\/wp\/v2\/categories?post=1361"},{"taxonomy":"post_tag","embeddable":true,"href":"https:\/\/filharmonia.rzeszow.pl\/en\/wp-json\/wp\/v2\/tags?post=1361"}],"curies":[{"name":"wp","href":"https:\/\/api.w.org\/{rel}","templated":true}]}}