{"id":1433,"date":"2022-06-28T14:50:46","date_gmt":"2022-06-28T12:50:46","guid":{"rendered":"https:\/\/filharmonia.rzeszow.pl\/en\/?p=1433"},"modified":"2022-07-05T13:40:36","modified_gmt":"2022-07-05T11:40:36","slug":"open-air-concerts","status":"publish","type":"post","link":"https:\/\/filharmonia.rzeszow.pl\/en\/2022\/06\/28\/open-air-concerts\/","title":{"rendered":"Open air concerts &#8211; JULY 2022"},"content":{"rendered":"\t\t<div data-elementor-type=\"wp-post\" data-elementor-id=\"1433\" class=\"elementor elementor-1433\">\n\t\t\t\t\t\t<section class=\"elementor-section elementor-top-section elementor-element elementor-element-92ccc49 elementor-section-boxed elementor-section-height-default elementor-section-height-default\" data-id=\"92ccc49\" data-element_type=\"section\" data-e-type=\"section\">\n\t\t\t\t\t\t<div class=\"elementor-container elementor-column-gap-default\">\n\t\t\t\t\t<div class=\"elementor-column elementor-col-66 elementor-top-column elementor-element elementor-element-796f171\" data-id=\"796f171\" data-element_type=\"column\" data-e-type=\"column\">\n\t\t\t<div class=\"elementor-widget-wrap elementor-element-populated\">\n\t\t\t\t\t\t<div class=\"elementor-element elementor-element-a15c2e9 elementor-widget elementor-widget-heading\" data-id=\"a15c2e9\" data-element_type=\"widget\" data-e-type=\"widget\" data-widget_type=\"heading.default\">\n\t\t\t\t<div class=\"elementor-widget-container\">\n\t\t\t\t\t<h2 class=\"elementor-heading-title elementor-size-default\">MARCIN WYROSTEK Z ZESPO\u0141EM<\/h2>\t\t\t\t<\/div>\n\t\t\t\t<\/div>\n\t\t\t\t<div class=\"elementor-element elementor-element-884d7aa elementor-widget elementor-widget-text-editor\" data-id=\"884d7aa\" data-element_type=\"widget\" data-e-type=\"widget\" data-widget_type=\"text-editor.default\">\n\t\t\t\t<div class=\"elementor-widget-container\">\n\t\t\t\t\t\t\t\t\t<p data-swp-font-size=\"16px\"><strong>9 July 2022r., Saturday, 19:30<\/strong><\/p><p data-swp-font-size=\"16px\">ORKIESTRA SYMFONICZNA FILHARMONII PODKARPACKIEJ<br \/>ADAM KLOCEK \u2013 conductor<br \/>MARCIN WYROSTEK \u2013 accordion<\/p>\t\t\t\t\t\t\t\t<\/div>\n\t\t\t\t<\/div>\n\t\t\t\t<div class=\"elementor-element elementor-element-d8ad2fe elementor-widget elementor-widget-button\" data-id=\"d8ad2fe\" data-element_type=\"widget\" data-e-type=\"widget\" data-widget_type=\"button.default\">\n\t\t\t\t<div class=\"elementor-widget-container\">\n\t\t\t\t\t\t\t\t\t<div class=\"elementor-button-wrapper\">\n\t\t\t\t\t<a class=\"elementor-button elementor-button-link elementor-size-sm\" href=\"https:\/\/filharmonia.rzeszow.pl\/produkt\/filharmonia-w-plenerze-marcin-wyrostek-z-zespolem\/\" target=\"_blank\">\n\t\t\t\t\t\t<span class=\"elementor-button-content-wrapper\">\n\t\t\t\t\t\t\t\t\t<span class=\"elementor-button-text\">MORE...<\/span>\n\t\t\t\t\t<\/span>\n\t\t\t\t\t<\/a>\n\t\t\t\t<\/div>\n\t\t\t\t\t\t\t\t<\/div>\n\t\t\t\t<\/div>\n\t\t\t\t\t<\/div>\n\t\t<\/div>\n\t\t\t\t<div class=\"elementor-column elementor-col-33 elementor-top-column elementor-element elementor-element-aa0719f\" data-id=\"aa0719f\" data-element_type=\"column\" data-e-type=\"column\">\n\t\t\t<div class=\"elementor-widget-wrap elementor-element-populated\">\n\t\t\t\t\t\t<div class=\"elementor-element elementor-element-b929fd9 elementor-widget elementor-widget-image\" data-id=\"b929fd9\" data-element_type=\"widget\" data-e-type=\"widget\" data-widget_type=\"image.default\">\n\t\t\t\t<div class=\"elementor-widget-container\">\n\t\t\t\t\t\t\t\t\t\t\t\t\t\t\t<img decoding=\"async\" src=\"https:\/\/filharmonia.rzeszow.pl\/wp-content\/uploads\/2022\/06\/Marcin-Wyrostek-foto_-Maciej-Chomik_Easy-Resize.com_.jpg\" title=\"\" alt=\"\" loading=\"lazy\" \/>\t\t\t\t\t\t\t\t\t\t\t\t\t\t\t<\/div>\n\t\t\t\t<\/div>\n\t\t\t\t\t<\/div>\n\t\t<\/div>\n\t\t\t\t\t<\/div>\n\t\t<\/section>\n\t\t\t\t<section class=\"elementor-section elementor-top-section elementor-element elementor-element-1009cdc elementor-section-boxed elementor-section-height-default elementor-section-height-default\" data-id=\"1009cdc\" data-element_type=\"section\" data-e-type=\"section\">\n\t\t\t\t\t\t<div class=\"elementor-container elementor-column-gap-default\">\n\t\t\t\t\t<div class=\"elementor-column elementor-col-100 elementor-top-column elementor-element elementor-element-fa2a7d0\" data-id=\"fa2a7d0\" data-element_type=\"column\" data-e-type=\"column\">\n\t\t\t<div class=\"elementor-widget-wrap elementor-element-populated\">\n\t\t\t\t\t\t<div class=\"elementor-element elementor-element-7a589d6 elementor-widget-divider--view-line elementor-widget elementor-widget-divider\" data-id=\"7a589d6\" data-element_type=\"widget\" data-e-type=\"widget\" data-widget_type=\"divider.default\">\n\t\t\t\t<div class=\"elementor-widget-container\">\n\t\t\t\t\t\t\t<div class=\"elementor-divider\">\n\t\t\t<span class=\"elementor-divider-separator\">\n\t\t\t\t\t\t<\/span>\n\t\t<\/div>\n\t\t\t\t\t\t<\/div>\n\t\t\t\t<\/div>\n\t\t\t\t\t<\/div>\n\t\t<\/div>\n\t\t\t\t\t<\/div>\n\t\t<\/section>\n\t\t\t\t<section class=\"elementor-section elementor-top-section elementor-element elementor-element-9d5bdad elementor-section-boxed elementor-section-height-default elementor-section-height-default\" data-id=\"9d5bdad\" data-element_type=\"section\" data-e-type=\"section\">\n\t\t\t\t\t\t<div class=\"elementor-container elementor-column-gap-default\">\n\t\t\t\t\t<div class=\"elementor-column elementor-col-66 elementor-top-column elementor-element elementor-element-2c3c077\" data-id=\"2c3c077\" data-element_type=\"column\" data-e-type=\"column\">\n\t\t\t<div class=\"elementor-widget-wrap elementor-element-populated\">\n\t\t\t\t\t\t<div class=\"elementor-element elementor-element-208f092 elementor-widget elementor-widget-heading\" data-id=\"208f092\" data-element_type=\"widget\" data-e-type=\"widget\" data-widget_type=\"heading.default\">\n\t\t\t\t<div class=\"elementor-widget-container\">\n\t\t\t\t\t<h2 class=\"elementor-heading-title elementor-size-default\">WIECZ\u00d3R \u015aWIATOWYCH MUSICALI<\/h2>\t\t\t\t<\/div>\n\t\t\t\t<\/div>\n\t\t\t\t<div class=\"elementor-element elementor-element-e30e33d elementor-widget elementor-widget-text-editor\" data-id=\"e30e33d\" data-element_type=\"widget\" data-e-type=\"widget\" data-widget_type=\"text-editor.default\">\n\t\t\t\t<div class=\"elementor-widget-container\">\n\t\t\t\t\t\t\t\t\t<p data-swp-font-size=\"16px\"><strong>16 July 2022, Saturday, 19:30<\/strong><\/p><p data-swp-font-size=\"16px\">ORKIESTRA SYMFONICZNA FILHARMONII PODKARPACKIEJ<br \/><span style=\"font-family: Montserrat;font-size: 16px;font-style: normal\">JI\u0158\u00cd PETRDL\u00cdK<\/span><span style=\"font-family: Montserrat;font-size: 16px;font-style: normal\">\u00a0\u2013 conductor<\/span><\/p><p>\u00a0<\/p>\t\t\t\t\t\t\t\t<\/div>\n\t\t\t\t<\/div>\n\t\t\t\t<div class=\"elementor-element elementor-element-14556ba elementor-widget elementor-widget-button\" data-id=\"14556ba\" data-element_type=\"widget\" data-e-type=\"widget\" data-widget_type=\"button.default\">\n\t\t\t\t<div class=\"elementor-widget-container\">\n\t\t\t\t\t\t\t\t\t<div class=\"elementor-button-wrapper\">\n\t\t\t\t\t<a class=\"elementor-button elementor-button-link elementor-size-sm\" href=\"https:\/\/filharmonia.rzeszow.pl\/produkt\/filharmonia-w-plenerze-wieczor-swiatowych-musicali\/\" target=\"_blank\">\n\t\t\t\t\t\t<span class=\"elementor-button-content-wrapper\">\n\t\t\t\t\t\t\t\t\t<span class=\"elementor-button-text\">MORE...<\/span>\n\t\t\t\t\t<\/span>\n\t\t\t\t\t<\/a>\n\t\t\t\t<\/div>\n\t\t\t\t\t\t\t\t<\/div>\n\t\t\t\t<\/div>\n\t\t\t\t\t<\/div>\n\t\t<\/div>\n\t\t\t\t<div class=\"elementor-column elementor-col-33 elementor-top-column elementor-element elementor-element-159d73c\" data-id=\"159d73c\" data-element_type=\"column\" data-e-type=\"column\">\n\t\t\t<div class=\"elementor-widget-wrap elementor-element-populated\">\n\t\t\t\t\t\t<div class=\"elementor-element elementor-element-4a97b49 elementor-widget elementor-widget-image\" data-id=\"4a97b49\" data-element_type=\"widget\" data-e-type=\"widget\" data-widget_type=\"image.default\">\n\t\t\t\t<div class=\"elementor-widget-container\">\n\t\t\t\t\t\t\t\t\t\t\t\t\t\t\t<img decoding=\"async\" src=\"https:\/\/filharmonia.rzeszow.pl\/wp-content\/uploads\/2022\/01\/Jiri-Petrdlik-e1648451816206.jpg\" title=\"\" alt=\"\" loading=\"lazy\" \/>\t\t\t\t\t\t\t\t\t\t\t\t\t\t\t<\/div>\n\t\t\t\t<\/div>\n\t\t\t\t\t<\/div>\n\t\t<\/div>\n\t\t\t\t\t<\/div>\n\t\t<\/section>\n\t\t\t\t<section class=\"elementor-section elementor-top-section elementor-element elementor-element-c794825 elementor-section-boxed elementor-section-height-default elementor-section-height-default\" data-id=\"c794825\" data-element_type=\"section\" data-e-type=\"section\">\n\t\t\t\t\t\t<div class=\"elementor-container elementor-column-gap-default\">\n\t\t\t\t\t<div class=\"elementor-column elementor-col-100 elementor-top-column elementor-element elementor-element-001c294\" data-id=\"001c294\" data-element_type=\"column\" data-e-type=\"column\">\n\t\t\t<div class=\"elementor-widget-wrap elementor-element-populated\">\n\t\t\t\t\t\t<div class=\"elementor-element elementor-element-8159ae6 elementor-widget-divider--view-line elementor-widget elementor-widget-divider\" data-id=\"8159ae6\" data-element_type=\"widget\" data-e-type=\"widget\" data-widget_type=\"divider.default\">\n\t\t\t\t<div class=\"elementor-widget-container\">\n\t\t\t\t\t\t\t<div class=\"elementor-divider\">\n\t\t\t<span class=\"elementor-divider-separator\">\n\t\t\t\t\t\t<\/span>\n\t\t<\/div>\n\t\t\t\t\t\t<\/div>\n\t\t\t\t<\/div>\n\t\t\t\t\t<\/div>\n\t\t<\/div>\n\t\t\t\t\t<\/div>\n\t\t<\/section>\n\t\t\t\t<section class=\"elementor-section elementor-top-section elementor-element elementor-element-79fe62d elementor-section-boxed elementor-section-height-default elementor-section-height-default\" data-id=\"79fe62d\" data-element_type=\"section\" data-e-type=\"section\">\n\t\t\t\t\t\t<div class=\"elementor-container elementor-column-gap-default\">\n\t\t\t\t\t<div class=\"elementor-column elementor-col-66 elementor-top-column elementor-element elementor-element-cc1ea54\" data-id=\"cc1ea54\" data-element_type=\"column\" data-e-type=\"column\">\n\t\t\t<div class=\"elementor-widget-wrap elementor-element-populated\">\n\t\t\t\t\t\t<div class=\"elementor-element elementor-element-55db2fc elementor-widget elementor-widget-heading\" data-id=\"55db2fc\" data-element_type=\"widget\" data-e-type=\"widget\" data-widget_type=\"heading.default\">\n\t\t\t\t<div class=\"elementor-widget-container\">\n\t\t\t\t\t<h2 class=\"elementor-heading-title elementor-size-default\">W RYTMIE TANGA<\/h2>\t\t\t\t<\/div>\n\t\t\t\t<\/div>\n\t\t\t\t<div class=\"elementor-element elementor-element-f900bac elementor-widget elementor-widget-text-editor\" data-id=\"f900bac\" data-element_type=\"widget\" data-e-type=\"widget\" data-widget_type=\"text-editor.default\">\n\t\t\t\t<div class=\"elementor-widget-container\">\n\t\t\t\t\t\t\t\t\t<p data-swp-font-size=\"16px\"><strong>17 lipca 2022r., Sunday, 19:30<\/strong><\/p>\n<p data-swp-font-size=\"16px\">zesp\u00f3\u0142 BANDONEGRO<\/p>\n<p>TEKLA GOGRITCHIANI\/ JULIO SAAVEDRA &#8211; taniec<\/p>\n<p data-swp-font-size=\"16px\">\n<\/p>\t\t\t\t\t\t\t\t<\/div>\n\t\t\t\t<\/div>\n\t\t\t\t<div class=\"elementor-element elementor-element-f7820eb elementor-widget elementor-widget-button\" data-id=\"f7820eb\" data-element_type=\"widget\" data-e-type=\"widget\" data-widget_type=\"button.default\">\n\t\t\t\t<div class=\"elementor-widget-container\">\n\t\t\t\t\t\t\t\t\t<div class=\"elementor-button-wrapper\">\n\t\t\t\t\t<a class=\"elementor-button elementor-button-link elementor-size-sm\" href=\"https:\/\/filharmonia.rzeszow.pl\/produkt\/filharmonia-w-plenerze-zespol-bandonegro\/\">\n\t\t\t\t\t\t<span class=\"elementor-button-content-wrapper\">\n\t\t\t\t\t\t\t\t\t<span class=\"elementor-button-text\">WI\u0118CEJ...<\/span>\n\t\t\t\t\t<\/span>\n\t\t\t\t\t<\/a>\n\t\t\t\t<\/div>\n\t\t\t\t\t\t\t\t<\/div>\n\t\t\t\t<\/div>\n\t\t\t\t\t<\/div>\n\t\t<\/div>\n\t\t\t\t<div class=\"elementor-column elementor-col-33 elementor-top-column elementor-element elementor-element-ba23416\" data-id=\"ba23416\" data-element_type=\"column\" data-e-type=\"column\">\n\t\t\t<div class=\"elementor-widget-wrap elementor-element-populated\">\n\t\t\t\t\t\t<div class=\"elementor-element elementor-element-3142b6f elementor-widget elementor-widget-image\" data-id=\"3142b6f\" data-element_type=\"widget\" data-e-type=\"widget\" data-widget_type=\"image.default\">\n\t\t\t\t<div class=\"elementor-widget-container\">\n\t\t\t\t\t\t\t\t\t\t\t\t\t\t\t<img decoding=\"async\" src=\"https:\/\/filharmonia.rzeszow.pl\/wp-content\/uploads\/2022\/06\/Bandonegro-2_Easy-Resize.com_.jpg\" title=\"\" alt=\"\" loading=\"lazy\" \/>\t\t\t\t\t\t\t\t\t\t\t\t\t\t\t<\/div>\n\t\t\t\t<\/div>\n\t\t\t\t\t<\/div>\n\t\t<\/div>\n\t\t\t\t\t<\/div>\n\t\t<\/section>\n\t\t\t\t<\/div>\n\t\t","protected":false},"excerpt":{"rendered":"<p>MARCIN WYROSTEK Z ZESPO\u0141EM 9 July 2022r., Saturday, 19:30 ORKIESTRA SYMFONICZNA FILHARMONII PODKARPACKIEJADAM KLOCEK \u2013 conductorMARCIN WYROSTEK \u2013 accordion MORE&#8230; WIECZ\u00d3R \u015aWIATOWYCH MUSICALI 16 July 2022, Saturday, 19:30 ORKIESTRA SYMFONICZNA FILHARMONII PODKARPACKIEJJI\u0158\u00cd PETRDL\u00cdK\u00a0\u2013 conductor \u00a0 MORE&#8230; W RYTMIE TANGA 17 lipca 2022r., Sunday, 19:30 zesp\u00f3\u0142 BANDONEGRO TEKLA GOGRITCHIANI\/ JULIO SAAVEDRA &#8211; taniec WI\u0118CEJ&#8230;<\/p>\n","protected":false},"author":2,"featured_media":1432,"comment_status":"open","ping_status":"open","sticky":false,"template":"","format":"standard","meta":{"footnotes":""},"categories":[798],"tags":[],"class_list":["post-1433","post","type-post","status-publish","format-standard","has-post-thumbnail","hentry","category-news","entry","has-media","owp-thumbs-layout-horizontal","owp-btn-normal","owp-tabs-layout-horizontal","has-no-thumbnails","has-product-nav"],"yoast_head":"<!-- This site is optimized with the Yoast SEO plugin v27.1.1 - https:\/\/yoast.com\/product\/yoast-seo-wordpress\/ -->\n<title>Open air concerts - JULY 2022 - Filharmonia Podkarpacka - English<\/title>\n<meta name=\"robots\" content=\"index, follow, max-snippet:-1, max-image-preview:large, max-video-preview:-1\" \/>\n<link rel=\"canonical\" href=\"https:\/\/filharmonia.rzeszow.pl\/en\/2022\/06\/28\/open-air-concerts\/\" \/>\n<meta property=\"og:locale\" content=\"en_US\" \/>\n<meta property=\"og:type\" content=\"article\" \/>\n<meta property=\"og:title\" content=\"Open air concerts - JULY 2022 - Filharmonia Podkarpacka - English\" \/>\n<meta property=\"og:description\" content=\"MARCIN WYROSTEK Z ZESPO\u0141EM 9 July 2022r., Saturday, 19:30 ORKIESTRA SYMFONICZNA FILHARMONII PODKARPACKIEJADAM KLOCEK \u2013 conductorMARCIN WYROSTEK \u2013 accordion MORE&#8230; WIECZ\u00d3R \u015aWIATOWYCH MUSICALI 16 July 2022, Saturday, 19:30 ORKIESTRA SYMFONICZNA FILHARMONII PODKARPACKIEJJI\u0158\u00cd PETRDL\u00cdK\u00a0\u2013 conductor \u00a0 MORE&#8230; W RYTMIE TANGA 17 lipca 2022r., Sunday, 19:30 zesp\u00f3\u0142 BANDONEGRO TEKLA GOGRITCHIANI\/ JULIO SAAVEDRA &#8211; taniec WI\u0118CEJ&#8230;\" \/>\n<meta property=\"og:url\" content=\"https:\/\/filharmonia.rzeszow.pl\/en\/2022\/06\/28\/open-air-concerts\/\" \/>\n<meta property=\"og:site_name\" content=\"Filharmonia Podkarpacka - English\" \/>\n<meta property=\"article:published_time\" content=\"2022-06-28T12:50:46+00:00\" \/>\n<meta property=\"article:modified_time\" content=\"2022-07-05T11:40:36+00:00\" \/>\n<meta property=\"og:image\" content=\"https:\/\/filharmonia.rzeszow.pl\/en\/wp-content\/uploads\/sites\/2\/2022\/06\/Marcin-Wyrostek-HQ-FOTO-8-fot-Bartek-Barczyk_Easy-Resize.com_.jpg\" \/>\n\t<meta property=\"og:image:width\" content=\"1280\" \/>\n\t<meta property=\"og:image:height\" content=\"1008\" \/>\n\t<meta property=\"og:image:type\" content=\"image\/jpeg\" \/>\n<meta name=\"author\" content=\"katarzyna\" \/>\n<meta name=\"twitter:card\" content=\"summary_large_image\" \/>\n<meta name=\"twitter:label1\" content=\"Written by\" \/>\n\t<meta name=\"twitter:data1\" content=\"katarzyna\" \/>\n\t<meta name=\"twitter:label2\" content=\"Est. reading time\" \/>\n\t<meta name=\"twitter:data2\" content=\"1 minute\" \/>\n<script type=\"application\/ld+json\" class=\"yoast-schema-graph\">{\"@context\":\"https:\/\/schema.org\",\"@graph\":[{\"@type\":\"Article\",\"@id\":\"https:\/\/filharmonia.rzeszow.pl\/en\/2022\/06\/28\/open-air-concerts\/#article\",\"isPartOf\":{\"@id\":\"https:\/\/filharmonia.rzeszow.pl\/en\/2022\/06\/28\/open-air-concerts\/\"},\"author\":{\"name\":\"katarzyna\",\"@id\":\"https:\/\/filharmonia.rzeszow.pl\/en\/#\/schema\/person\/0446fa6c1b32245b91895ccdb7b0c1b0\"},\"headline\":\"Open air concerts &#8211; JULY 2022\",\"datePublished\":\"2022-06-28T12:50:46+00:00\",\"dateModified\":\"2022-07-05T11:40:36+00:00\",\"mainEntityOfPage\":{\"@id\":\"https:\/\/filharmonia.rzeszow.pl\/en\/2022\/06\/28\/open-air-concerts\/\"},\"wordCount\":52,\"commentCount\":0,\"publisher\":{\"@id\":\"https:\/\/filharmonia.rzeszow.pl\/en\/#organization\"},\"image\":{\"@id\":\"https:\/\/filharmonia.rzeszow.pl\/en\/2022\/06\/28\/open-air-concerts\/#primaryimage\"},\"thumbnailUrl\":\"https:\/\/filharmonia.rzeszow.pl\/en\/wp-content\/uploads\/sites\/2\/2022\/06\/Marcin-Wyrostek-HQ-FOTO-8-fot-Bartek-Barczyk_Easy-Resize.com_.jpg\",\"articleSection\":[\"News\"],\"inLanguage\":\"en-US\",\"potentialAction\":[{\"@type\":\"CommentAction\",\"name\":\"Comment\",\"target\":[\"https:\/\/filharmonia.rzeszow.pl\/en\/2022\/06\/28\/open-air-concerts\/#respond\"]}]},{\"@type\":\"WebPage\",\"@id\":\"https:\/\/filharmonia.rzeszow.pl\/en\/2022\/06\/28\/open-air-concerts\/\",\"url\":\"https:\/\/filharmonia.rzeszow.pl\/en\/2022\/06\/28\/open-air-concerts\/\",\"name\":\"Open air concerts - JULY 2022 - Filharmonia Podkarpacka - English\",\"isPartOf\":{\"@id\":\"https:\/\/filharmonia.rzeszow.pl\/en\/#website\"},\"primaryImageOfPage\":{\"@id\":\"https:\/\/filharmonia.rzeszow.pl\/en\/2022\/06\/28\/open-air-concerts\/#primaryimage\"},\"image\":{\"@id\":\"https:\/\/filharmonia.rzeszow.pl\/en\/2022\/06\/28\/open-air-concerts\/#primaryimage\"},\"thumbnailUrl\":\"https:\/\/filharmonia.rzeszow.pl\/en\/wp-content\/uploads\/sites\/2\/2022\/06\/Marcin-Wyrostek-HQ-FOTO-8-fot-Bartek-Barczyk_Easy-Resize.com_.jpg\",\"datePublished\":\"2022-06-28T12:50:46+00:00\",\"dateModified\":\"2022-07-05T11:40:36+00:00\",\"breadcrumb\":{\"@id\":\"https:\/\/filharmonia.rzeszow.pl\/en\/2022\/06\/28\/open-air-concerts\/#breadcrumb\"},\"inLanguage\":\"en-US\",\"potentialAction\":[{\"@type\":\"ReadAction\",\"target\":[\"https:\/\/filharmonia.rzeszow.pl\/en\/2022\/06\/28\/open-air-concerts\/\"]}]},{\"@type\":\"ImageObject\",\"inLanguage\":\"en-US\",\"@id\":\"https:\/\/filharmonia.rzeszow.pl\/en\/2022\/06\/28\/open-air-concerts\/#primaryimage\",\"url\":\"https:\/\/filharmonia.rzeszow.pl\/en\/wp-content\/uploads\/sites\/2\/2022\/06\/Marcin-Wyrostek-HQ-FOTO-8-fot-Bartek-Barczyk_Easy-Resize.com_.jpg\",\"contentUrl\":\"https:\/\/filharmonia.rzeszow.pl\/en\/wp-content\/uploads\/sites\/2\/2022\/06\/Marcin-Wyrostek-HQ-FOTO-8-fot-Bartek-Barczyk_Easy-Resize.com_.jpg\",\"width\":1280,\"height\":1008},{\"@type\":\"BreadcrumbList\",\"@id\":\"https:\/\/filharmonia.rzeszow.pl\/en\/2022\/06\/28\/open-air-concerts\/#breadcrumb\",\"itemListElement\":[{\"@type\":\"ListItem\",\"position\":1,\"name\":\"Strona g\u0142\u00f3wna\",\"item\":\"https:\/\/filharmonia.rzeszow.pl\/en\/\"},{\"@type\":\"ListItem\",\"position\":2,\"name\":\"Open air concerts &#8211; JULY 2022\"}]},{\"@type\":\"WebSite\",\"@id\":\"https:\/\/filharmonia.rzeszow.pl\/en\/#website\",\"url\":\"https:\/\/filharmonia.rzeszow.pl\/en\/\",\"name\":\"Filharmonia Podkarpacka - English\",\"description\":\"Kolejna witryna sieci &#8222;Filharmonia Podkarpacka &#8221;\",\"publisher\":{\"@id\":\"https:\/\/filharmonia.rzeszow.pl\/en\/#organization\"},\"potentialAction\":[{\"@type\":\"SearchAction\",\"target\":{\"@type\":\"EntryPoint\",\"urlTemplate\":\"https:\/\/filharmonia.rzeszow.pl\/en\/?s={search_term_string}\"},\"query-input\":{\"@type\":\"PropertyValueSpecification\",\"valueRequired\":true,\"valueName\":\"search_term_string\"}}],\"inLanguage\":\"en-US\"},{\"@type\":\"Organization\",\"@id\":\"https:\/\/filharmonia.rzeszow.pl\/en\/#organization\",\"name\":\"Filharmonia Podkarpacka - English\",\"url\":\"https:\/\/filharmonia.rzeszow.pl\/en\/\",\"logo\":{\"@type\":\"ImageObject\",\"inLanguage\":\"en-US\",\"@id\":\"https:\/\/filharmonia.rzeszow.pl\/en\/#\/schema\/logo\/image\/\",\"url\":\"https:\/\/filharmonia.rzeszow.pl\/en\/wp-content\/uploads\/sites\/2\/2022\/02\/Obszar-roboczy-2@3x.png\",\"contentUrl\":\"https:\/\/filharmonia.rzeszow.pl\/en\/wp-content\/uploads\/sites\/2\/2022\/02\/Obszar-roboczy-2@3x.png\",\"width\":2721,\"height\":1527,\"caption\":\"Filharmonia Podkarpacka - English\"},\"image\":{\"@id\":\"https:\/\/filharmonia.rzeszow.pl\/en\/#\/schema\/logo\/image\/\"}},{\"@type\":\"Person\",\"@id\":\"https:\/\/filharmonia.rzeszow.pl\/en\/#\/schema\/person\/0446fa6c1b32245b91895ccdb7b0c1b0\",\"name\":\"katarzyna\",\"image\":{\"@type\":\"ImageObject\",\"inLanguage\":\"en-US\",\"@id\":\"https:\/\/filharmonia.rzeszow.pl\/en\/#\/schema\/person\/image\/\",\"url\":\"https:\/\/secure.gravatar.com\/avatar\/9162c91e88dd8c1fcd7c49f2ae6b1e6641df78d2c6e427e2bd708fe96e90b61a?s=96&d=mm&r=g\",\"contentUrl\":\"https:\/\/secure.gravatar.com\/avatar\/9162c91e88dd8c1fcd7c49f2ae6b1e6641df78d2c6e427e2bd708fe96e90b61a?s=96&d=mm&r=g\",\"caption\":\"katarzyna\"},\"url\":\"https:\/\/filharmonia.rzeszow.pl\/en\/author\/katarzyna\/\"}]}<\/script>\n<!-- \/ Yoast SEO plugin. -->","yoast_head_json":{"title":"Open air concerts - JULY 2022 - Filharmonia Podkarpacka - English","robots":{"index":"index","follow":"follow","max-snippet":"max-snippet:-1","max-image-preview":"max-image-preview:large","max-video-preview":"max-video-preview:-1"},"canonical":"https:\/\/filharmonia.rzeszow.pl\/en\/2022\/06\/28\/open-air-concerts\/","og_locale":"en_US","og_type":"article","og_title":"Open air concerts - JULY 2022 - Filharmonia Podkarpacka - English","og_description":"MARCIN WYROSTEK Z ZESPO\u0141EM 9 July 2022r., Saturday, 19:30 ORKIESTRA SYMFONICZNA FILHARMONII PODKARPACKIEJADAM KLOCEK \u2013 conductorMARCIN WYROSTEK \u2013 accordion MORE&#8230; WIECZ\u00d3R \u015aWIATOWYCH MUSICALI 16 July 2022, Saturday, 19:30 ORKIESTRA SYMFONICZNA FILHARMONII PODKARPACKIEJJI\u0158\u00cd PETRDL\u00cdK\u00a0\u2013 conductor \u00a0 MORE&#8230; W RYTMIE TANGA 17 lipca 2022r., Sunday, 19:30 zesp\u00f3\u0142 BANDONEGRO TEKLA GOGRITCHIANI\/ JULIO SAAVEDRA &#8211; taniec WI\u0118CEJ&#8230;","og_url":"https:\/\/filharmonia.rzeszow.pl\/en\/2022\/06\/28\/open-air-concerts\/","og_site_name":"Filharmonia Podkarpacka - English","article_published_time":"2022-06-28T12:50:46+00:00","article_modified_time":"2022-07-05T11:40:36+00:00","og_image":[{"width":1280,"height":1008,"url":"https:\/\/filharmonia.rzeszow.pl\/en\/wp-content\/uploads\/sites\/2\/2022\/06\/Marcin-Wyrostek-HQ-FOTO-8-fot-Bartek-Barczyk_Easy-Resize.com_.jpg","type":"image\/jpeg"}],"author":"katarzyna","twitter_card":"summary_large_image","twitter_misc":{"Written by":"katarzyna","Est. reading time":"1 minute"},"schema":{"@context":"https:\/\/schema.org","@graph":[{"@type":"Article","@id":"https:\/\/filharmonia.rzeszow.pl\/en\/2022\/06\/28\/open-air-concerts\/#article","isPartOf":{"@id":"https:\/\/filharmonia.rzeszow.pl\/en\/2022\/06\/28\/open-air-concerts\/"},"author":{"name":"katarzyna","@id":"https:\/\/filharmonia.rzeszow.pl\/en\/#\/schema\/person\/0446fa6c1b32245b91895ccdb7b0c1b0"},"headline":"Open air concerts &#8211; JULY 2022","datePublished":"2022-06-28T12:50:46+00:00","dateModified":"2022-07-05T11:40:36+00:00","mainEntityOfPage":{"@id":"https:\/\/filharmonia.rzeszow.pl\/en\/2022\/06\/28\/open-air-concerts\/"},"wordCount":52,"commentCount":0,"publisher":{"@id":"https:\/\/filharmonia.rzeszow.pl\/en\/#organization"},"image":{"@id":"https:\/\/filharmonia.rzeszow.pl\/en\/2022\/06\/28\/open-air-concerts\/#primaryimage"},"thumbnailUrl":"https:\/\/filharmonia.rzeszow.pl\/en\/wp-content\/uploads\/sites\/2\/2022\/06\/Marcin-Wyrostek-HQ-FOTO-8-fot-Bartek-Barczyk_Easy-Resize.com_.jpg","articleSection":["News"],"inLanguage":"en-US","potentialAction":[{"@type":"CommentAction","name":"Comment","target":["https:\/\/filharmonia.rzeszow.pl\/en\/2022\/06\/28\/open-air-concerts\/#respond"]}]},{"@type":"WebPage","@id":"https:\/\/filharmonia.rzeszow.pl\/en\/2022\/06\/28\/open-air-concerts\/","url":"https:\/\/filharmonia.rzeszow.pl\/en\/2022\/06\/28\/open-air-concerts\/","name":"Open air concerts - JULY 2022 - Filharmonia Podkarpacka - English","isPartOf":{"@id":"https:\/\/filharmonia.rzeszow.pl\/en\/#website"},"primaryImageOfPage":{"@id":"https:\/\/filharmonia.rzeszow.pl\/en\/2022\/06\/28\/open-air-concerts\/#primaryimage"},"image":{"@id":"https:\/\/filharmonia.rzeszow.pl\/en\/2022\/06\/28\/open-air-concerts\/#primaryimage"},"thumbnailUrl":"https:\/\/filharmonia.rzeszow.pl\/en\/wp-content\/uploads\/sites\/2\/2022\/06\/Marcin-Wyrostek-HQ-FOTO-8-fot-Bartek-Barczyk_Easy-Resize.com_.jpg","datePublished":"2022-06-28T12:50:46+00:00","dateModified":"2022-07-05T11:40:36+00:00","breadcrumb":{"@id":"https:\/\/filharmonia.rzeszow.pl\/en\/2022\/06\/28\/open-air-concerts\/#breadcrumb"},"inLanguage":"en-US","potentialAction":[{"@type":"ReadAction","target":["https:\/\/filharmonia.rzeszow.pl\/en\/2022\/06\/28\/open-air-concerts\/"]}]},{"@type":"ImageObject","inLanguage":"en-US","@id":"https:\/\/filharmonia.rzeszow.pl\/en\/2022\/06\/28\/open-air-concerts\/#primaryimage","url":"https:\/\/filharmonia.rzeszow.pl\/en\/wp-content\/uploads\/sites\/2\/2022\/06\/Marcin-Wyrostek-HQ-FOTO-8-fot-Bartek-Barczyk_Easy-Resize.com_.jpg","contentUrl":"https:\/\/filharmonia.rzeszow.pl\/en\/wp-content\/uploads\/sites\/2\/2022\/06\/Marcin-Wyrostek-HQ-FOTO-8-fot-Bartek-Barczyk_Easy-Resize.com_.jpg","width":1280,"height":1008},{"@type":"BreadcrumbList","@id":"https:\/\/filharmonia.rzeszow.pl\/en\/2022\/06\/28\/open-air-concerts\/#breadcrumb","itemListElement":[{"@type":"ListItem","position":1,"name":"Strona g\u0142\u00f3wna","item":"https:\/\/filharmonia.rzeszow.pl\/en\/"},{"@type":"ListItem","position":2,"name":"Open air concerts &#8211; JULY 2022"}]},{"@type":"WebSite","@id":"https:\/\/filharmonia.rzeszow.pl\/en\/#website","url":"https:\/\/filharmonia.rzeszow.pl\/en\/","name":"Filharmonia Podkarpacka - English","description":"Kolejna witryna sieci &#8222;Filharmonia Podkarpacka &#8221;","publisher":{"@id":"https:\/\/filharmonia.rzeszow.pl\/en\/#organization"},"potentialAction":[{"@type":"SearchAction","target":{"@type":"EntryPoint","urlTemplate":"https:\/\/filharmonia.rzeszow.pl\/en\/?s={search_term_string}"},"query-input":{"@type":"PropertyValueSpecification","valueRequired":true,"valueName":"search_term_string"}}],"inLanguage":"en-US"},{"@type":"Organization","@id":"https:\/\/filharmonia.rzeszow.pl\/en\/#organization","name":"Filharmonia Podkarpacka - English","url":"https:\/\/filharmonia.rzeszow.pl\/en\/","logo":{"@type":"ImageObject","inLanguage":"en-US","@id":"https:\/\/filharmonia.rzeszow.pl\/en\/#\/schema\/logo\/image\/","url":"https:\/\/filharmonia.rzeszow.pl\/en\/wp-content\/uploads\/sites\/2\/2022\/02\/Obszar-roboczy-2@3x.png","contentUrl":"https:\/\/filharmonia.rzeszow.pl\/en\/wp-content\/uploads\/sites\/2\/2022\/02\/Obszar-roboczy-2@3x.png","width":2721,"height":1527,"caption":"Filharmonia Podkarpacka - English"},"image":{"@id":"https:\/\/filharmonia.rzeszow.pl\/en\/#\/schema\/logo\/image\/"}},{"@type":"Person","@id":"https:\/\/filharmonia.rzeszow.pl\/en\/#\/schema\/person\/0446fa6c1b32245b91895ccdb7b0c1b0","name":"katarzyna","image":{"@type":"ImageObject","inLanguage":"en-US","@id":"https:\/\/filharmonia.rzeszow.pl\/en\/#\/schema\/person\/image\/","url":"https:\/\/secure.gravatar.com\/avatar\/9162c91e88dd8c1fcd7c49f2ae6b1e6641df78d2c6e427e2bd708fe96e90b61a?s=96&d=mm&r=g","contentUrl":"https:\/\/secure.gravatar.com\/avatar\/9162c91e88dd8c1fcd7c49f2ae6b1e6641df78d2c6e427e2bd708fe96e90b61a?s=96&d=mm&r=g","caption":"katarzyna"},"url":"https:\/\/filharmonia.rzeszow.pl\/en\/author\/katarzyna\/"}]}},"publishpress_future_action":{"enabled":false,"date":"2026-05-08 14:54:49","action":"change-status","newStatus":"draft","terms":[],"taxonomy":"category","extraData":[]},"publishpress_future_workflow_manual_trigger":{"enabledWorkflows":[]},"_links":{"self":[{"href":"https:\/\/filharmonia.rzeszow.pl\/en\/wp-json\/wp\/v2\/posts\/1433","targetHints":{"allow":["GET"]}}],"collection":[{"href":"https:\/\/filharmonia.rzeszow.pl\/en\/wp-json\/wp\/v2\/posts"}],"about":[{"href":"https:\/\/filharmonia.rzeszow.pl\/en\/wp-json\/wp\/v2\/types\/post"}],"author":[{"embeddable":true,"href":"https:\/\/filharmonia.rzeszow.pl\/en\/wp-json\/wp\/v2\/users\/2"}],"replies":[{"embeddable":true,"href":"https:\/\/filharmonia.rzeszow.pl\/en\/wp-json\/wp\/v2\/comments?post=1433"}],"version-history":[{"count":11,"href":"https:\/\/filharmonia.rzeszow.pl\/en\/wp-json\/wp\/v2\/posts\/1433\/revisions"}],"predecessor-version":[{"id":1445,"href":"https:\/\/filharmonia.rzeszow.pl\/en\/wp-json\/wp\/v2\/posts\/1433\/revisions\/1445"}],"wp:featuredmedia":[{"embeddable":true,"href":"https:\/\/filharmonia.rzeszow.pl\/en\/wp-json\/wp\/v2\/media\/1432"}],"wp:attachment":[{"href":"https:\/\/filharmonia.rzeszow.pl\/en\/wp-json\/wp\/v2\/media?parent=1433"}],"wp:term":[{"taxonomy":"category","embeddable":true,"href":"https:\/\/filharmonia.rzeszow.pl\/en\/wp-json\/wp\/v2\/categories?post=1433"},{"taxonomy":"post_tag","embeddable":true,"href":"https:\/\/filharmonia.rzeszow.pl\/en\/wp-json\/wp\/v2\/tags?post=1433"}],"curies":[{"name":"wp","href":"https:\/\/api.w.org\/{rel}","templated":true}]}}